{"id":993,"date":"2015-08-31T15:25:52","date_gmt":"2015-08-31T15:25:52","guid":{"rendered":"http:\/\/www.marek.sk\/?p=993"},"modified":"2016-11-11T15:26:15","modified_gmt":"2016-11-11T15:26:15","slug":"august-2015-vlada-schvalila-navrh-zakona-o-trestnej-zodpovednosti-pravnickych-osob","status":"publish","type":"post","link":"https:\/\/www.marek.sk\/sk\/august-2015-vlada-schvalila-navrh-zakona-o-trestnej-zodpovednosti-pravnickych-osob\/","title":{"rendered":"August 2015 | Vl\u00e1da schv\u00e1lila n\u00e1vrh z\u00e1kona o trestnej zodpovednosti pr\u00e1vnick\u00fdch os\u00f4b"},"content":{"rendered":"<p>Pod\u013ea nov\u00e9ho n\u00e1vrhu z\u00e1kona o\u00a0trestnej zodpovednosti pr\u00e1vnick\u00fdch os\u00f4b, niektor\u00e9 druhy konan\u00ed pr\u00e1vnick\u00fdch os\u00f4b alebo ich z\u00e1stupcov bud\u00fa postihnute\u013en\u00e9 aj prostriedkami trestn\u00e9ho pr\u00e1va. Ak bude z\u00e1kon prijat\u00fd, umo\u017en\u00ed tresta\u0165 pr\u00e1vnick\u00e9 osoby za viac ne\u017e 40 trestn\u00fdch \u010dinov. N\u00e1vrh z\u00e1kona je reakciou na pokra\u010duj\u00face tlaky medzin\u00e1rodn\u00fdch organiz\u00e1ci\u00ed, ktor\u00e9 vyz\u00fdvaj\u00fa k\u00a0implement\u00e1ci\u00ed konceptu trestnej zodpovednosti pr\u00e1vnick\u00fdch os\u00f4b do slovensk\u00e9ho pr\u00e1vneho poriadku.<\/p>\n<p>Na prv\u00fd poh\u013ead sa zd\u00e1, \u017ee n\u00e1vrhom z\u00e1kona sa m\u00e1 docieli\u0165 naplnenie len minim\u00e1lnych \u0161tandardov v\u00a0zmysle medzin\u00e1rodn\u00e9ho pr\u00e1va a\u00a0zavies\u0165 tak trestnopr\u00e1vnu zodpovednos\u0165 len v\u00a0rozsahu niektor\u00fdch kateg\u00f3ri\u00ed trestn\u00fdch \u010dinov. Uveden\u00e9 bolo zd\u00e1 sa aj prioritou z\u00e1konodarcu, ke\u010f\u017ee z\u00e1konom sa maj\u00fa tresta\u0165 konania preva\u017ene z\u00a0oblast\u00ed ak\u00fdmi s\u00fa medzin\u00e1rodn\u00fd obchod z\u00a0drogami, obchodovanie s \u013eu\u010fmi, fal\u0161ovanie, pozme\u0148ovanie a neopr\u00e1vnen\u00e1 v\u00fdroba pe\u0148az\u00ed a cenn\u00fdch papierov a\u00a0pranie \u0161pinav\u00fdch pe\u0148az\u00ed, bezpe\u010dnos\u0165 d\u00e1t, ochrana \u017eivotn\u00e9ho prostredia, terorizmus, korupcie a\u00a0extr\u00e9mizmus.<\/p>\n","protected":false},"excerpt":{"rendered":"<p>Pod\u013ea nov\u00e9ho n\u00e1vrhu z\u00e1kona o\u00a0trestnej zodpovednosti pr\u00e1vnick\u00fdch os\u00f4b, niektor\u00e9 druhy konan\u00ed pr\u00e1vnick\u00fdch os\u00f4b alebo ich z\u00e1stupcov bud\u00fa postihnute\u013en\u00e9 aj prostriedkami trestn\u00e9ho pr\u00e1va. Ak bude z\u00e1kon prijat\u00fd, umo\u017en\u00ed tresta\u0165 pr\u00e1vnick\u00e9 osoby za viac ne\u017e 40 trestn\u00fdch \u010dinov. N\u00e1vrh z\u00e1kona je reakciou na pokra\u010duj\u00face tlaky medzin\u00e1rodn\u00fdch organiz\u00e1ci\u00ed, ktor\u00e9 vyz\u00fdvaj\u00fa k\u00a0implement\u00e1ci\u00ed konceptu trestnej zodpovednosti pr\u00e1vnick\u00fdch os\u00f4b do slovensk\u00e9ho&#8230;<\/p>\n","protected":false},"author":4,"featured_media":0,"comment_status":"open","ping_status":"open","sticky":false,"template":"","format":"standard","meta":{"_acf_changed":false,"footnotes":""},"categories":[2],"tags":[],"class_list":["post-993","post","type-post","status-publish","format-standard","hentry","category-novinky"],"acf":[],"_links":{"self":[{"href":"https:\/\/www.marek.sk\/sk\/wp-json\/wp\/v2\/posts\/993","targetHints":{"allow":["GET"]}}],"collection":[{"href":"https:\/\/www.marek.sk\/sk\/wp-json\/wp\/v2\/posts"}],"about":[{"href":"https:\/\/www.marek.sk\/sk\/wp-json\/wp\/v2\/types\/post"}],"author":[{"embeddable":true,"href":"https:\/\/www.marek.sk\/sk\/wp-json\/wp\/v2\/users\/4"}],"replies":[{"embeddable":true,"href":"https:\/\/www.marek.sk\/sk\/wp-json\/wp\/v2\/comments?post=993"}],"version-history":[{"count":1,"href":"https:\/\/www.marek.sk\/sk\/wp-json\/wp\/v2\/posts\/993\/revisions"}],"predecessor-version":[{"id":994,"href":"https:\/\/www.marek.sk\/sk\/wp-json\/wp\/v2\/posts\/993\/revisions\/994"}],"wp:attachment":[{"href":"https:\/\/www.marek.sk\/sk\/wp-json\/wp\/v2\/media?parent=993"}],"wp:term":[{"taxonomy":"category","embeddable":true,"href":"https:\/\/www.marek.sk\/sk\/wp-json\/wp\/v2\/categories?post=993"},{"taxonomy":"post_tag","embeddable":true,"href":"https:\/\/www.marek.sk\/sk\/wp-json\/wp\/v2\/tags?post=993"}],"curies":[{"name":"wp","href":"https:\/\/api.w.org\/{rel}","templated":true}]}}