{"id":936,"date":"2016-02-10T16:31:00","date_gmt":"2016-02-10T16:31:00","guid":{"rendered":"http:\/\/www.marek.sk\/february-2016-eu-commission-and-united-states-agree-on-new-framework-for-transatlantic-data-flows-eu-us-privacy-shield-2\/"},"modified":"2016-09-14T14:11:34","modified_gmt":"2016-09-14T14:11:34","slug":"februar-2016-europska-komisia-a-spojene-staty-sa-dohodli-na-novom-ramci-pre-transatlanticku-vymenu-udajov-stite-na-ochranu-osobnych-udajov-medzi-eu-a-usa","status":"publish","type":"post","link":"https:\/\/www.marek.sk\/sk\/februar-2016-europska-komisia-a-spojene-staty-sa-dohodli-na-novom-ramci-pre-transatlanticku-vymenu-udajov-stite-na-ochranu-osobnych-udajov-medzi-eu-a-usa\/","title":{"rendered":"Febru\u00e1r 2016 | Eur\u00f3pska komisia a Spojen\u00e9 \u0161t\u00e1ty sa dohodli na novom r\u00e1mci pre transatlantick\u00fa v\u00fdmenu \u00fadajov \u2013 \u0161t\u00edte na ochranu osobn\u00fdch \u00fadajov medzi E\u00da a USA"},"content":{"rendered":"<p>Po tom, \u010do S\u00fadny dvor Eur\u00f3pskej \u00fanie vyhl\u00e1sil princ\u00edpy tzv. \u201ebezpe\u010dn\u00e9ho pr\u00edstavu\u201d, ktor\u00e9 umo\u017e\u0148ovali americk\u00fdm spolo\u010dnostiam dodr\u017eiava\u0165 pr\u00e1va na ochranu osobn\u00fdch \u00fadajov eur\u00f3pskych ob\u010danov za neplatn\u00e9, eur\u00f3pski \u00faradn\u00edci sa museli sna\u017ei\u0165 r\u00fdchlo n\u00e1js\u0165 nov\u00fa politick\u00fa dohodu a\u00a0znovunastoli\u0165 jasn\u00e9 z\u00e1ruky, transparentnos\u0165 a\u00a0nevyhnutn\u00fa pr\u00e1vnu istotu spolo\u010dnostiam vykon\u00e1vaj\u00facim transatlantick\u00fa v\u00fdmenu \u00fadajov medzi E\u00da a\u00a0USA.<\/p>\n<p>2. febru\u00e1r 2016 zna\u010dil \u010fal\u0161\u00ed krok v\u00a0tomto procese, kedy Kol\u00e9gium komis\u00e1rov schv\u00e1lilo politick\u00fa dohodu o\u00a0novom r\u00e1mci, ozna\u010dovanom ako \u0161t\u00edt na ochranu osobn\u00fdch \u00fadajov medzi E\u00da a\u00a0USA a\u00a0odobrilo pr\u00edpravn\u00fa f\u00e1zu za \u00fa\u010delom zavedenia novej dohody do platnosti. \u0160t\u00edt na ochranu osobn\u00fdch \u00fadajov medzi E\u00da a\u00a0USA m\u00e1 za cie\u013e nahradi\u0165 zru\u0161en\u00fd r\u00e1mec \u201ebezpe\u010dn\u00e9ho pr\u00edstavu\u201c a\u00a0ochr\u00e1ni\u0165 tak z\u00e1kladn\u00e9 pr\u00e1va Eur\u00f3panov po\u010das prenosu ich osobn\u00fdch \u00fadajov do Spojen\u00fdch \u0161t\u00e1tov.<\/p>\n<p>Nov\u00fd r\u00e1mec, ktor\u00fd e\u0161te mus\u00ed by\u0165 schv\u00e1len\u00fd na \u00farovni \u010dlensk\u00fdch \u0161t\u00e1tov, by mal obsahova\u0165 z\u00e1ruky, \u017ee pr\u00edstup k\u00a0pren\u00e1\u0161an\u00fdm osobn\u00fdm \u00fadajom zo strany americk\u00fdch \u00faradov nebude neobmedzen\u00fd, ale bude podlieha\u0165 jasn\u00fdm podmienkam. Na z\u00e1ver, nov\u00fd post ombudsmana m\u00e1 pom\u00f4c\u0165 Eur\u00f3panom pri vybavovan\u00ed ich s\u0165a\u017enost\u00ed alebo pripomienok k\u00a0nov\u00e9mu r\u00e1mcu.<\/p>\n","protected":false},"excerpt":{"rendered":"<p>Po tom, \u010do S\u00fadny dvor Eur\u00f3pskej \u00fanie vyhl\u00e1sil princ\u00edpy tzv. \u201ebezpe\u010dn\u00e9ho pr\u00edstavu\u201d, ktor\u00e9 umo\u017e\u0148ovali americk\u00fdm spolo\u010dnostiam dodr\u017eiava\u0165 pr\u00e1va na ochranu osobn\u00fdch \u00fadajov eur\u00f3pskych ob\u010danov za neplatn\u00e9, eur\u00f3pski \u00faradn\u00edci sa museli sna\u017ei\u0165 r\u00fdchlo n\u00e1js\u0165 nov\u00fa politick\u00fa dohodu a\u00a0znovunastoli\u0165 jasn\u00e9 z\u00e1ruky, transparentnos\u0165 a\u00a0nevyhnutn\u00fa pr\u00e1vnu istotu spolo\u010dnostiam vykon\u00e1vaj\u00facim transatlantick\u00fa v\u00fdmenu \u00fadajov medzi E\u00da a\u00a0USA. 2. febru\u00e1r 2016 zna\u010dil&#8230;<\/p>\n","protected":false},"author":3,"featured_media":0,"comment_status":"open","ping_status":"open","sticky":false,"template":"","format":"standard","meta":{"_acf_changed":false,"footnotes":""},"categories":[2],"tags":[],"class_list":["post-936","post","type-post","status-publish","format-standard","hentry","category-novinky"],"acf":[],"_links":{"self":[{"href":"https:\/\/www.marek.sk\/sk\/wp-json\/wp\/v2\/posts\/936","targetHints":{"allow":["GET"]}}],"collection":[{"href":"https:\/\/www.marek.sk\/sk\/wp-json\/wp\/v2\/posts"}],"about":[{"href":"https:\/\/www.marek.sk\/sk\/wp-json\/wp\/v2\/types\/post"}],"author":[{"embeddable":true,"href":"https:\/\/www.marek.sk\/sk\/wp-json\/wp\/v2\/users\/3"}],"replies":[{"embeddable":true,"href":"https:\/\/www.marek.sk\/sk\/wp-json\/wp\/v2\/comments?post=936"}],"version-history":[{"count":1,"href":"https:\/\/www.marek.sk\/sk\/wp-json\/wp\/v2\/posts\/936\/revisions"}],"predecessor-version":[{"id":937,"href":"https:\/\/www.marek.sk\/sk\/wp-json\/wp\/v2\/posts\/936\/revisions\/937"}],"wp:attachment":[{"href":"https:\/\/www.marek.sk\/sk\/wp-json\/wp\/v2\/media?parent=936"}],"wp:term":[{"taxonomy":"category","embeddable":true,"href":"https:\/\/www.marek.sk\/sk\/wp-json\/wp\/v2\/categories?post=936"},{"taxonomy":"post_tag","embeddable":true,"href":"https:\/\/www.marek.sk\/sk\/wp-json\/wp\/v2\/tags?post=936"}],"curies":[{"name":"wp","href":"https:\/\/api.w.org\/{rel}","templated":true}]}}