{"id":2036,"date":"2026-09-01T00:00:00","date_gmt":"2026-09-01T00:00:00","guid":{"rendered":"https:\/\/www.marek.sk\/?p=2036"},"modified":"2026-09-01T11:50:25","modified_gmt":"2026-09-01T11:50:25","slug":"september-2026-nove-pravidla-v-oblasti-obalov-a-odpadu-z-obalov","status":"publish","type":"post","link":"https:\/\/www.marek.sk\/sk\/september-2026-nove-pravidla-v-oblasti-obalov-a-odpadu-z-obalov\/","title":{"rendered":"September 2026 | Nov\u00e9 pravidl\u00e1 v oblasti obalov a odpadu z\u00a0obalov"},"content":{"rendered":"\n<p>D\u0148a 12. augusta 2026 sa za\u010dalo uplat\u0148ova\u0165 nariadenie Eur\u00f3pskeho parlamentu a Rady (E\u00da) 2025\/40 z 19. decembra 2024 o obaloch a odpade z obalov, o zmene nariadenia (E\u00da) 2019\/1020 a smernice (E\u00da) 2019\/904 a o zru\u0161en\u00ed smernice 94\/62\/ES (\u010falej len \u201e<strong>Nariadenie o obaloch<\/strong>\u201c). Nariadenie o obaloch sa vz\u0165ahuje na v\u0161etky obaly uv\u00e1dzan\u00e9 na trh E\u00da bez oh\u013eadu na pou\u017eit\u00fd materi\u00e1l.<\/p>\n\n\n\n<p>Medzi najv\u00fdznamnej\u0161ie po\u017eiadavky uplatnite\u013en\u00e9 od 12. augusta 2026 patria:<\/p>\n\n\n\n<ul class=\"wp-block-list\">\n<li>po\u017eiadavky na l\u00e1tky v obaloch, najm\u00e4 minimaliz\u00e1ciu pr\u00edtomnosti a koncentr\u00e1cie l\u00e1tok vzbudzuj\u00facich obavy;<\/li>\n\n\n\n<li>nov\u00e9 limity pre perflu\u00f3ralkylov\u00e9 a polyflu\u00f3ralkylov\u00e9 l\u00e1tky (PFAS) v obaloch prich\u00e1dzaj\u00facich do styku s potravinami;<\/li>\n\n\n\n<li>v\u0161eobecn\u00e1 po\u017eiadavka recyklovate\u013enosti v\u0161etk\u00fdch obalov uveden\u00fdch na trh; podrobn\u00e9 krit\u00e9ri\u00e1 recykla\u010dn\u00e9ho dizajnu a s nimi spojen\u00e9 preukazovanie zhody sa v\u0161ak uplatnia a\u017e nesk\u00f4r;<\/li>\n\n\n\n<li>posudzovanie zhody obalu, vypracovanie technickej dokument\u00e1cie a E\u00da vyhl\u00e1senia o zhode;<\/li>\n\n\n\n<li>identifik\u00e1cia obalu a zhotovite\u013ea;<\/li>\n\n\n\n<li>povinnosti dovozcov a distrib\u00fatorov overi\u0165 splnenie pr\u00edslu\u0161n\u00fdch po\u017eiadaviek Nariadenia o obaloch.<\/li>\n<\/ul>\n\n\n\n<p>Nariadenie o&nbsp;obaloch tak u\u017e od augusta 2026 prin\u00e1\u0161a praktick\u00e9 povinnosti najm\u00e4 zhotovite\u013eom, dovozcom a distrib\u00fatorom obalov. Dotknut\u00e9 podniky by preto mali preveri\u0165 zlo\u017eenie pou\u017e\u00edvan\u00fdch obalov, ako aj dokument\u00e1ciu a intern\u00e9 procesy preukazovania ich zhody s novou pr\u00e1vnou \u00fapravou.<\/p>\n\n\n\n<p>\u010eal\u0161ie povinnosti \u2013 recyklovan\u00fd obsah, minimaliz\u00e1cia obalov, harmonizovan\u00e9 ozna\u010dovanie a ciele op\u00e4tovn\u00e9ho pou\u017eitia \u2013 sa za\u010dn\u00fa postupne uplat\u0148ova\u0165 v rokoch 2028 a\u017e 2040. \u010clensk\u00e9 \u0161t\u00e1ty maj\u00fa do 12. febru\u00e1ra 2027 stanovi\u0165 pravidl\u00e1 t\u00fdkaj\u00face sa sankci\u00ed za poru\u0161enie Nariadenia o obaloch.<\/p>\n","protected":false},"excerpt":{"rendered":"<p>D\u0148a 12. augusta 2026 sa za\u010dalo uplat\u0148ova\u0165 nariadenie Eur\u00f3pskeho parlamentu a Rady (E\u00da) 2025\/40 z 19. decembra 2024 o obaloch a odpade z obalov, o zmene nariadenia (E\u00da) 2019\/1020 a smernice (E\u00da) 2019\/904 a o zru\u0161en\u00ed smernice 94\/62\/ES (\u010falej len \u201eNariadenie o obaloch\u201c). Nariadenie o obaloch sa vz\u0165ahuje na v\u0161etky obaly uv\u00e1dzan\u00e9 na trh E\u00da&#8230;<\/p>\n","protected":false},"author":4,"featured_media":0,"comment_status":"open","ping_status":"open","sticky":false,"template":"","format":"standard","meta":{"_acf_changed":false,"footnotes":""},"categories":[2],"tags":[],"class_list":["post-2036","post","type-post","status-publish","format-standard","hentry","category-novinky"],"acf":[],"_links":{"self":[{"href":"https:\/\/www.marek.sk\/sk\/wp-json\/wp\/v2\/posts\/2036","targetHints":{"allow":["GET"]}}],"collection":[{"href":"https:\/\/www.marek.sk\/sk\/wp-json\/wp\/v2\/posts"}],"about":[{"href":"https:\/\/www.marek.sk\/sk\/wp-json\/wp\/v2\/types\/post"}],"author":[{"embeddable":true,"href":"https:\/\/www.marek.sk\/sk\/wp-json\/wp\/v2\/users\/4"}],"replies":[{"embeddable":true,"href":"https:\/\/www.marek.sk\/sk\/wp-json\/wp\/v2\/comments?post=2036"}],"version-history":[{"count":1,"href":"https:\/\/www.marek.sk\/sk\/wp-json\/wp\/v2\/posts\/2036\/revisions"}],"predecessor-version":[{"id":2037,"href":"https:\/\/www.marek.sk\/sk\/wp-json\/wp\/v2\/posts\/2036\/revisions\/2037"}],"wp:attachment":[{"href":"https:\/\/www.marek.sk\/sk\/wp-json\/wp\/v2\/media?parent=2036"}],"wp:term":[{"taxonomy":"category","embeddable":true,"href":"https:\/\/www.marek.sk\/sk\/wp-json\/wp\/v2\/categories?post=2036"},{"taxonomy":"post_tag","embeddable":true,"href":"https:\/\/www.marek.sk\/sk\/wp-json\/wp\/v2\/tags?post=2036"}],"curies":[{"name":"wp","href":"https:\/\/api.w.org\/{rel}","templated":true}]}}