{"id":1964,"date":"2026-01-31T00:00:00","date_gmt":"2026-01-31T00:00:00","guid":{"rendered":"https:\/\/www.marek.sk\/?p=1964"},"modified":"2026-02-23T15:15:21","modified_gmt":"2026-02-23T15:15:21","slug":"januar-2026-zvysenie-ochrany-spotrebitela-a-nove-povinnosti-obchodnikov","status":"publish","type":"post","link":"https:\/\/www.marek.sk\/sk\/januar-2026-zvysenie-ochrany-spotrebitela-a-nove-povinnosti-obchodnikov\/","title":{"rendered":"Janu\u00e1r 2026 | Zv\u00fd\u0161enie ochrany spotrebite\u013ea a\u00a0nov\u00e9 povinnosti obchodn\u00edkov"},"content":{"rendered":"\n<p>Z\u00e1konom \u010d. 310\/2025 Z.z. ktor\u00fdm sa men\u00ed a dop\u013a\u0148a z\u00e1kon \u010d. 108\/2024 Z.z. o ochrane spotrebite\u013ea v\u00a0znen\u00ed neskor\u0161\u00edch predpisov (\u010falej len \u201e<strong>Z\u00e1kon o\u00a0ochrane spotrebite\u013ea<\/strong>\u201c) sa zav\u00e1dzaj\u00fa viacer\u00e9 zmeny v\u00a0 oblasti ochrany spotrebite\u013ea na dosiahnutie s\u00faladu s pr\u00e1vom Eur\u00f3pskej \u00fanie (\u010falej len \u201e<strong>Novela<\/strong>\u201c).<\/p>\n\n\n\n<p>Prijat\u00e9 zmeny sa Z\u00e1kona o ochrane spotrebite\u013ea dotkn\u00fa napr. nasledovne:<\/p>\n\n\n\n<ul class=\"wp-block-list\">\n<li>zavedenie nov\u00fdch informa\u010dn\u00fdch povinnost\u00ed obchodn\u00edkov, napr. uv\u00e1dza\u0165 bodov\u00e9 hodnotenie opravite\u013enosti tovaru, minim\u00e1lnu dobu bezplatn\u00fdch aktualiz\u00e1cii veci s digit\u00e1lnymi prvkami\/obsahom;<\/li>\n\n\n\n<li>roz\u0161\u00edrenie katal\u00f3gu nekal\u00fdch obchodn\u00fdch prakt\u00edk napr. o: prezentovanie neopravite\u013en\u00e9ho tovaru ako opravite\u013en\u00e9ho; nepravdiv\u00e1 komunik\u00e1cia o \u017eivotnosti tovaru z\u00a0h\u013eadiska \u010dasu alebo intenzity pou\u017e\u00edvania; prezent\u00e1cia aktualiz\u00e1cie softv\u00e9ru\/funkci\u00ed ako nevyhnutnej na u\u017e\u00edvanie produktu, ak tomu tak v\u00a0skuto\u010dnosti nie je; zav\u00e1dzanie, \u017ee pou\u017eitie spotrebn\u00e9ho materi\u00e1lu, n\u00e1hradn\u00fdch dielov alebo pr\u00edslu\u0161enstva od in\u00e9ho ako origin\u00e1lneho v\u00fdrobcu naru\u0161\u00ed funk\u010dnos\u0165 tovaru, ak tomu tak nie je; nepravdiv\u00e9 environment\u00e1lne tvrdenia (tzv. greenwashing);<\/li>\n\n\n\n<li>mo\u017enos\u0165 poskytovate\u013eov oprav\u00e1rensk\u00fdch slu\u017eieb (opravovn\u00ed) bezodplatne poskytova\u0165 spotrebite\u013eom eur\u00f3psky formul\u00e1r pre inform\u00e1cie o\u00a0oprave &#8211; cie\u013eom je u\u013eah\u010di\u0165 spotrebite\u013eovi v\u00fdber vhodnej oprav\u00e1renskej slu\u017eby;<\/li>\n\n\n\n<li>podpora opravovania tovarov v\u00fdrobcami bezplatne alebo za primeran\u00fa cenu pri vybran\u00fdch tovaroch (napr. pr\u00e1\u010dky a\u00a0su\u0161i\u010dky, um\u00fdva\u010dky riadu, mobiln\u00e9 telef\u00f3ny), iba\u017ee oprava nie je fakticky alebo pr\u00e1vne mo\u017en\u00e1;<\/li>\n\n\n\n<li>zavedenie z\u00e1kazu zmluvn\u00e9ho, hardv\u00e9rov\u00e9ho a\/alebo softv\u00e9rov\u00e9ho br\u00e1nenia vykon\u00e1vania opr\u00e1v tret\u00edmi osobami zo strany v\u00fdrobcov.<\/li>\n<\/ul>\n\n\n\n<p>Prijat\u00e9 zmeny sa dotkn\u00fa aj z\u00e1kona \u010d. 40\/1964 Zb. Ob\u010diansky z\u00e1konn\u00edk, v\u00a0znen\u00ed neskor\u0161\u00edch predpisov. Pr\u00edkladom uv\u00e1dzame:<\/p>\n\n\n\n<ul class=\"wp-block-list\">\n<li>za vadu predanej pou\u017eitej veci sa nepova\u017euje prirodzen\u00e9 opotrebovanie veci, ktor\u00e9 mo\u017eno d\u00f4vodne o\u010dak\u00e1va\u0165 vzh\u013eadom na mieru jej predch\u00e1dzaj\u00faceho pou\u017e\u00edvania;<\/li>\n<\/ul>\n\n\n\n<ul class=\"wp-block-list\">\n<li>pred\u013a\u017eenie z\u00e1konnej lehoty na uplatnenie zodpovednosti za vady veci o\u00a012 mesiacov pri vo\u013ebe opravy tovaru ako prostriedku n\u00e1pravy, maxim\u00e1lne v\u0161ak jedenkr\u00e1t. Toto obdobie sa pripo\u010d\u00edta k\u00a0zost\u00e1vaj\u00facemu obdobiu zodpovednosti za vady.<\/li>\n<\/ul>\n\n\n\n<p>\u00da\u010dinnos\u0165 Novely je delen\u00e1. Zmeny sa tak uplatnia postupne po\u010das kalend\u00e1rneho roka 2026. \u010cas\u0165 ustanoven\u00ed nadobudne \u00fa\u010dinnos\u0165 od 1. janu\u00e1ra 2026, in\u00e1 31. j\u00fala 2026 a&nbsp;zvy\u0161n\u00e1 27. septembra 2026.<\/p>\n","protected":false},"excerpt":{"rendered":"<p>Z\u00e1konom \u010d. 310\/2025 Z.z. ktor\u00fdm sa men\u00ed a dop\u013a\u0148a z\u00e1kon \u010d. 108\/2024 Z.z. o ochrane spotrebite\u013ea v\u00a0znen\u00ed neskor\u0161\u00edch predpisov (\u010falej len \u201eZ\u00e1kon o\u00a0ochrane spotrebite\u013ea\u201c) sa zav\u00e1dzaj\u00fa viacer\u00e9 zmeny v\u00a0 oblasti ochrany spotrebite\u013ea na dosiahnutie s\u00faladu s pr\u00e1vom Eur\u00f3pskej \u00fanie (\u010falej len \u201eNovela\u201c). Prijat\u00e9 zmeny sa Z\u00e1kona o ochrane spotrebite\u013ea dotkn\u00fa napr. nasledovne: Prijat\u00e9 zmeny sa&#8230;<\/p>\n","protected":false},"author":4,"featured_media":0,"comment_status":"open","ping_status":"open","sticky":false,"template":"","format":"standard","meta":{"_acf_changed":false,"footnotes":""},"categories":[2],"tags":[],"class_list":["post-1964","post","type-post","status-publish","format-standard","hentry","category-novinky"],"acf":[],"_links":{"self":[{"href":"https:\/\/www.marek.sk\/sk\/wp-json\/wp\/v2\/posts\/1964","targetHints":{"allow":["GET"]}}],"collection":[{"href":"https:\/\/www.marek.sk\/sk\/wp-json\/wp\/v2\/posts"}],"about":[{"href":"https:\/\/www.marek.sk\/sk\/wp-json\/wp\/v2\/types\/post"}],"author":[{"embeddable":true,"href":"https:\/\/www.marek.sk\/sk\/wp-json\/wp\/v2\/users\/4"}],"replies":[{"embeddable":true,"href":"https:\/\/www.marek.sk\/sk\/wp-json\/wp\/v2\/comments?post=1964"}],"version-history":[{"count":5,"href":"https:\/\/www.marek.sk\/sk\/wp-json\/wp\/v2\/posts\/1964\/revisions"}],"predecessor-version":[{"id":1969,"href":"https:\/\/www.marek.sk\/sk\/wp-json\/wp\/v2\/posts\/1964\/revisions\/1969"}],"wp:attachment":[{"href":"https:\/\/www.marek.sk\/sk\/wp-json\/wp\/v2\/media?parent=1964"}],"wp:term":[{"taxonomy":"category","embeddable":true,"href":"https:\/\/www.marek.sk\/sk\/wp-json\/wp\/v2\/categories?post=1964"},{"taxonomy":"post_tag","embeddable":true,"href":"https:\/\/www.marek.sk\/sk\/wp-json\/wp\/v2\/tags?post=1964"}],"curies":[{"name":"wp","href":"https:\/\/api.w.org\/{rel}","templated":true}]}}