{"id":1635,"date":"2022-03-20T00:00:56","date_gmt":"2022-03-20T00:00:56","guid":{"rendered":"http:\/\/www.marek.sk\/?p=1635"},"modified":"2022-05-04T10:25:31","modified_gmt":"2022-05-04T10:25:31","slug":"marec-2022-novela-zakonnika-prace","status":"publish","type":"post","link":"https:\/\/www.marek.sk\/sk\/marec-2022-novela-zakonnika-prace\/","title":{"rendered":"Marec 2022 | Novela Z\u00e1konn\u00edka pr\u00e1ce"},"content":{"rendered":"\n<p>N\u00e1rodn\u00e1 rada SR d\u0148a 15.03.2022 schv\u00e1lila\nnovelu Z\u00e1konn\u00edka pr\u00e1ce a&nbsp;z\u00e1kona \u010d. 5\/2004 Z. z. o slu\u017eb\u00e1ch zamestnanosti,\nktorou sa upravili podmienky skon\u010denia pracovn\u00e9ho pomeru zamestnanca so\nzdravotn\u00fdm postihnut\u00edm v\u00fdpove\u010fou zo strany zamestn\u00e1vate\u013ea. S v\u00fdnimkou ur\u010dit\u00fdch\npr\u00edpadov, zamestn\u00e1vate\u013e potrebuje na v\u00fdpove\u010f dan\u00fa zamestnancovi so zdravotn\u00fdm\npostihnut\u00edm predch\u00e1dzaj\u00faci s\u00fahlas pr\u00edslu\u0161n\u00e9ho \u00faradu pr\u00e1ce, soci\u00e1lnych vec\u00ed a&nbsp;rodiny.<\/p>\n\n\n\n<p>Zamestn\u00e1vate\u013e je po novom povinn\u00fd\nbezodkladne ozn\u00e1mi\u0165 zamestnancovi so zdravotn\u00fdm postihnut\u00edm podanie \u017eiadosti\no&nbsp;udelenie predch\u00e1dzaj\u00faceho s\u00fahlasu. Z\u00e1rove\u0148 sa skr\u00e1tila lehota pre\nvydanie s\u00fahlasu, a to z&nbsp;p\u00f4vodn\u00fdch 30 dn\u00ed na 7 pracovn\u00fdch dn\u00ed odo d\u0148a\npodania \u017eiadosti o udelenie predch\u00e1dzaj\u00faceho s\u00fahlasu. Ak pr\u00edslu\u0161n\u00fd \u00farad pr\u00e1ce v\nlehote na vybavenie \u017eiadosti nevyd\u00e1 rozhodnutie, bude plati\u0165 z\u00e1konn\u00e1 fikcia, \u017ee\nvydal rozhodnutie, ktor\u00fdm udelil s\u00fahlas zamestn\u00e1vate\u013eovi na skon\u010denie\npracovn\u00e9ho pomeru.<\/p>\n\n\n\n<p>Nov\u00e9 pravidl\u00e1 nadobudn\u00fa \u00fa\u010dinnos\u0165 d\u0148a 1.\napr\u00edla 2022.<\/p>\n","protected":false},"excerpt":{"rendered":"<p>N\u00e1rodn\u00e1 rada SR d\u0148a 15.03.2022 schv\u00e1lila novelu Z\u00e1konn\u00edka pr\u00e1ce a&nbsp;z\u00e1kona \u010d. 5\/2004 Z. z. o slu\u017eb\u00e1ch zamestnanosti, ktorou sa upravili podmienky skon\u010denia pracovn\u00e9ho pomeru zamestnanca so zdravotn\u00fdm postihnut\u00edm v\u00fdpove\u010fou zo strany zamestn\u00e1vate\u013ea. S v\u00fdnimkou ur\u010dit\u00fdch pr\u00edpadov, zamestn\u00e1vate\u013e potrebuje na v\u00fdpove\u010f dan\u00fa zamestnancovi so zdravotn\u00fdm postihnut\u00edm predch\u00e1dzaj\u00faci s\u00fahlas pr\u00edslu\u0161n\u00e9ho \u00faradu pr\u00e1ce, soci\u00e1lnych vec\u00ed a&nbsp;rodiny. Zamestn\u00e1vate\u013e je&#8230;<\/p>\n","protected":false},"author":4,"featured_media":0,"comment_status":"open","ping_status":"open","sticky":false,"template":"","format":"standard","meta":{"_acf_changed":false,"footnotes":""},"categories":[2],"tags":[],"class_list":["post-1635","post","type-post","status-publish","format-standard","hentry","category-novinky"],"acf":[],"_links":{"self":[{"href":"https:\/\/www.marek.sk\/sk\/wp-json\/wp\/v2\/posts\/1635","targetHints":{"allow":["GET"]}}],"collection":[{"href":"https:\/\/www.marek.sk\/sk\/wp-json\/wp\/v2\/posts"}],"about":[{"href":"https:\/\/www.marek.sk\/sk\/wp-json\/wp\/v2\/types\/post"}],"author":[{"embeddable":true,"href":"https:\/\/www.marek.sk\/sk\/wp-json\/wp\/v2\/users\/4"}],"replies":[{"embeddable":true,"href":"https:\/\/www.marek.sk\/sk\/wp-json\/wp\/v2\/comments?post=1635"}],"version-history":[{"count":1,"href":"https:\/\/www.marek.sk\/sk\/wp-json\/wp\/v2\/posts\/1635\/revisions"}],"predecessor-version":[{"id":1636,"href":"https:\/\/www.marek.sk\/sk\/wp-json\/wp\/v2\/posts\/1635\/revisions\/1636"}],"wp:attachment":[{"href":"https:\/\/www.marek.sk\/sk\/wp-json\/wp\/v2\/media?parent=1635"}],"wp:term":[{"taxonomy":"category","embeddable":true,"href":"https:\/\/www.marek.sk\/sk\/wp-json\/wp\/v2\/categories?post=1635"},{"taxonomy":"post_tag","embeddable":true,"href":"https:\/\/www.marek.sk\/sk\/wp-json\/wp\/v2\/tags?post=1635"}],"curies":[{"name":"wp","href":"https:\/\/api.w.org\/{rel}","templated":true}]}}