{"id":1550,"date":"2021-02-02T00:00:51","date_gmt":"2021-02-02T00:00:51","guid":{"rendered":"http:\/\/www.marek.sk\/?p=1550"},"modified":"2021-02-02T10:04:04","modified_gmt":"2021-02-02T10:04:04","slug":"februar-2021-nove-opatrenia-v-oblasti-justicie","status":"publish","type":"post","link":"https:\/\/www.marek.sk\/sk\/februar-2021-nove-opatrenia-v-oblasti-justicie\/","title":{"rendered":"Febru\u00e1r 2021 \u2013 Nov\u00e9 opatrenia v oblasti just\u00edcie"},"content":{"rendered":"\n<p>D\u0148a 19. janu\u00e1ra 2021 nadobudla \u00fa\u010dinnos\u0165 novela z\u00e1kona \u010d.&nbsp;<a href=\"https:\/\/www.slov-lex.sk\/pravne-predpisy\/SK\/ZZ\/2020\/62\/\">62\/2020 Z. z.<\/a>&nbsp;o niektor\u00fdch mimoriadnych opatreniach v s\u00favislosti so \u0161\u00edren\u00edm nebezpe\u010dnej n\u00e1kazlivej \u013eudskej choroby COVID-19 a v&nbsp;just\u00edcii, v&nbsp;znen\u00ed neskor\u0161\u00edch predpisov, ktor\u00e1 m\u00e1 v\u00fdznamn\u00fd vplyv na plynutie preml\u010dac\u00edch a&nbsp;prekluz\u00edvnych leh\u00f4t, ako aj niektor\u00fdch procesn\u00fdch leh\u00f4t v&nbsp;s\u00fadnych konaniach, a&nbsp;zav\u00e1dza aj \u010fal\u0161ie v\u00fdznamn\u00e9 opatrenia.<\/p>\n\n\n\n<p>Pod\u013ea novely lehoty ustanoven\u00e9 pr\u00e1vnymi predpismi v s\u00fakromnopr\u00e1vnych vz\u0165ahoch na uplat\u0148ovanie alebo br\u00e1nenie pr\u00e1v na s\u00fade, uplynut\u00edm ktor\u00fdch by do\u0161lo k preml\u010daniu alebo k z\u00e1niku pr\u00e1va,<\/p>\n\n\n\n<p>a) v \u010dase od 19. janu\u00e1ra 2021 do 28. febru\u00e1ra 2021 neplyn\u00fa; to plat\u00ed rovnako aj pre lehoty ustanoven\u00e9 z\u00e1konom alebo ur\u010den\u00e9 s\u00fadom na vykonanie procesn\u00e9ho \u00fakonu v konan\u00ed pred s\u00fadom \u00fa\u010dastn\u00edkmi konania a stranami v&nbsp;konan\u00ed;<\/p>\n\n\n\n<p>b) ktor\u00e9 uplynuli po 31. decembri 2020 do 19. janu\u00e1ra 2021, sa neskon\u010dia sk\u00f4r ako 18. febru\u00e1ra 2021.<\/p>\n\n\n\n<p>Novela taktie\u017e ustanovuje, \u017ee kolekt\u00edvne org\u00e1ny pr\u00e1vnick\u00fdch os\u00f4b m\u00f4\u017eu v \u010dase mimoriadnej situ\u00e1cie alebo n\u00fadzov\u00e9ho stavu pou\u017e\u00edva\u0165 kore\u0161ponden\u010dn\u00e9 hlasovanie alebo umo\u017eni\u0165 \u00fa\u010das\u0165 ich \u010dlenov na zasadnut\u00ed tak\u00e9hoto org\u00e1nu prostredn\u00edctvom elektronick\u00fdch prostriedkov, aj ke\u010f to nevypl\u00fdva z ich vn\u00fatorn\u00fdch predpisov alebo stanov.<\/p>\n\n\n\n<p>Pritom plat\u00ed, \u017ee ak podmienky rozhodovania mimo zasadnutia nevypl\u00fdvaj\u00fa zo z\u00e1kona, vn\u00fatorn\u00fdch predpisov alebo stanov, ur\u010d\u00ed ich v pr\u00edpade, ak ide o najvy\u0161\u0161\u00ed org\u00e1n pr\u00e1vnickej osoby, \u0161tatut\u00e1rny org\u00e1n konaj\u00faci s n\u00e1le\u017eitou starostlivos\u0165ou, a v pr\u00edpade in\u00e9ho org\u00e1nu ich ur\u010d\u00ed tento org\u00e1n. Tieto podmienky musia by\u0165 \u010dlenom org\u00e1nu ozn\u00e1men\u00e9 v dostato\u010dnom predstihu pred rozhodovan\u00edm.<\/p>\n","protected":false},"excerpt":{"rendered":"<p>D\u0148a 19. janu\u00e1ra 2021 nadobudla \u00fa\u010dinnos\u0165 novela z\u00e1kona \u010d.&nbsp;62\/2020 Z. z.&nbsp;o niektor\u00fdch mimoriadnych opatreniach v s\u00favislosti so \u0161\u00edren\u00edm nebezpe\u010dnej n\u00e1kazlivej \u013eudskej choroby COVID-19 a v&nbsp;just\u00edcii, v&nbsp;znen\u00ed neskor\u0161\u00edch predpisov, ktor\u00e1 m\u00e1 v\u00fdznamn\u00fd vplyv na plynutie preml\u010dac\u00edch a&nbsp;prekluz\u00edvnych leh\u00f4t, ako aj niektor\u00fdch procesn\u00fdch leh\u00f4t v&nbsp;s\u00fadnych konaniach, a&nbsp;zav\u00e1dza aj \u010fal\u0161ie v\u00fdznamn\u00e9 opatrenia. Pod\u013ea novely lehoty ustanoven\u00e9 pr\u00e1vnymi predpismi&#8230;<\/p>\n","protected":false},"author":4,"featured_media":0,"comment_status":"open","ping_status":"open","sticky":false,"template":"","format":"standard","meta":{"_acf_changed":false,"footnotes":""},"categories":[2],"tags":[],"class_list":["post-1550","post","type-post","status-publish","format-standard","hentry","category-novinky"],"acf":[],"_links":{"self":[{"href":"https:\/\/www.marek.sk\/sk\/wp-json\/wp\/v2\/posts\/1550","targetHints":{"allow":["GET"]}}],"collection":[{"href":"https:\/\/www.marek.sk\/sk\/wp-json\/wp\/v2\/posts"}],"about":[{"href":"https:\/\/www.marek.sk\/sk\/wp-json\/wp\/v2\/types\/post"}],"author":[{"embeddable":true,"href":"https:\/\/www.marek.sk\/sk\/wp-json\/wp\/v2\/users\/4"}],"replies":[{"embeddable":true,"href":"https:\/\/www.marek.sk\/sk\/wp-json\/wp\/v2\/comments?post=1550"}],"version-history":[{"count":1,"href":"https:\/\/www.marek.sk\/sk\/wp-json\/wp\/v2\/posts\/1550\/revisions"}],"predecessor-version":[{"id":1551,"href":"https:\/\/www.marek.sk\/sk\/wp-json\/wp\/v2\/posts\/1550\/revisions\/1551"}],"wp:attachment":[{"href":"https:\/\/www.marek.sk\/sk\/wp-json\/wp\/v2\/media?parent=1550"}],"wp:term":[{"taxonomy":"category","embeddable":true,"href":"https:\/\/www.marek.sk\/sk\/wp-json\/wp\/v2\/categories?post=1550"},{"taxonomy":"post_tag","embeddable":true,"href":"https:\/\/www.marek.sk\/sk\/wp-json\/wp\/v2\/tags?post=1550"}],"curies":[{"name":"wp","href":"https:\/\/api.w.org\/{rel}","templated":true}]}}