{"id":1492,"date":"2020-07-10T13:45:39","date_gmt":"2020-07-10T13:45:39","guid":{"rendered":"http:\/\/www.marek.sk\/?p=1492"},"modified":"2020-07-10T13:46:37","modified_gmt":"2020-07-10T13:46:37","slug":"jul-2020-lex-korona","status":"publish","type":"post","link":"https:\/\/www.marek.sk\/sk\/jul-2020-lex-korona\/","title":{"rendered":"J\u00fal 2020 | Lex Korona"},"content":{"rendered":"\n<p>D\u0148a 09.07.2020 N\u00e1rodn\u00e1 rada\nSR schv\u00e1lila vl\u00e1dny n\u00e1vrh z\u00e1kona prez\u00fdvan\u00fd \u201elex korona\u201c, obsahuj\u00faci bal\u00edk opatren\u00ed\nna zlep\u0161enie podnikate\u013esk\u00e9ho prostredia a zn\u00ed\u017eenie administrat\u00edvneho za\u0165a\u017eenia\npodnikate\u013eov v&nbsp;SR. Do\u0161lo k&nbsp;zru\u0161eniu alebo obmedzeniu viacer\u00fdch\npovinnost\u00ed podnikate\u013eov.<\/p>\n\n\n\n<p>Medzi opatreniami je napr.:<\/p>\n\n\n\n<ul class=\"wp-block-list\"><li>zv\u00fd\u0161enie krit\u00e9ri\u00ed (hodnota majetku, v\u00fd\u0161ka obratu, po\u010det\nzamestnancov), po splnen\u00ed ktor\u00fdch m\u00e1 podnikate\u013e povinnos\u0165 overi\u0165 \u00fa\u010dtovn\u00fa\nz\u00e1vierku aud\u00edtorom,<\/li><\/ul>\n\n\n\n<ul class=\"wp-block-list\"><li>obmedzenie povinnost\u00ed ve\u013ek\u00fdch podnikov s\u00favisiacich\ns&nbsp;energetick\u00fdm auditom,<\/li><\/ul>\n\n\n\n<ul class=\"wp-block-list\"><li>mo\u017enos\u0165 uplatnenia v\u00fddavkov na spotrebovan\u00e9 pohonn\u00e9 l\u00e1tky\nako da\u0148ov\u00fdch v\u00fddavkov pod\u013ea spotreby o&nbsp;20% vy\u0161\u0161ej ako pod\u013ea technick\u00e9ho\npreukazu,<\/li><\/ul>\n\n\n\n<ul class=\"wp-block-list\"><li>zru\u0161enie viacer\u00fdch povinnost\u00ed zamestn\u00e1vate\u013eov pod\u013ea\nz\u00e1kona o&nbsp;ochrane verejn\u00e9ho zdravia,<\/li><\/ul>\n\n\n\n<ul class=\"wp-block-list\"><li>zru\u0161enie povinnosti vymenova\u0165 z\u00e1stupcov zamestnancov pre\nbezpe\u010dnos\u0165 u&nbsp;mal\u00fdch zamestn\u00e1vate\u013eov a&nbsp;zamestn\u00e1vate\u013eov, ktor\u00ed nevykon\u00e1vaj\u00fa\nrizikov\u00e9 \u010dinnosti,<\/li><\/ul>\n\n\n\n<ul class=\"wp-block-list\"><li>zru\u0161enie povinnosti pravidelne vyhodnocova\u0165 smernice BOZP.<\/li><\/ul>\n\n\n\n<p>Ru\u0161ia sa z\u00e1rove\u0148 viacer\u00e9\noznamovacie povinnosti podnikate\u013eov, ru\u0161ia sa, resp. zni\u017euj\u00fa r\u00f4zne pokuty, pri\nzv\u00fd\u0161en\u00ed z\u00e1kladn\u00e9ho imania s.r.o. a&nbsp;a.s. sa za stanoven\u00fdch podmienok nebude\nvy\u017eadova\u0165 overenie \u00fa\u010dtovnej z\u00e1vierky aud\u00edtorom, at\u010f.<\/p>\n\n\n\n<p>Po novom by novely z\u00e1konov\nupravuj\u00facich dane alebo odvody mali nadob\u00fada\u0165 \u00fa\u010dinnos\u0165 v\u017edy k 1. janu\u00e1ru.<\/p>\n\n\n\n<p>Slovensk\u00e1 obchodn\u00e1\nin\u0161pekcia (SOI) bude ma\u0165 po novom mo\u017enos\u0165 v&nbsp;pr\u00edpade menej z\u00e1va\u017en\u00e9ho\nporu\u0161enia povinnosti neulo\u017ei\u0165 ihne\u010f pokutu, ale bude m\u00f4c\u0165 vyzva\u0165 podnikate\u013ea,\naby upustil od protipr\u00e1vneho konania a v ur\u010denej lehote vykonal opatrenia na\nn\u00e1pravu n\u00e1sledkov protipr\u00e1vneho konania. Ak v\u00fdzve podnikate\u013e vyhovie\na&nbsp;vykon\u00e1 zodpovedaj\u00face opatrenia, SOI mu pokutu neulo\u017e\u00ed.<\/p>\n\n\n\n<p>N\u00e1rodn\u00e1 rada z\u00e1rove\u0148\nschv\u00e1lila pozme\u0148uj\u00faci n\u00e1vrh, umo\u017e\u0148uj\u00faci ministerstvu hospod\u00e1rstva poskytova\u0165 mal\u00fdm\na&nbsp;stredn\u00fdm podnikate\u013eom dot\u00e1cie ako kompenz\u00e1ciu \u0161k\u00f4d vzniknut\u00fdch ako\nn\u00e1sledky opatren\u00ed prijat\u00fdch na zmiernenie negat\u00edvnych n\u00e1sledkov pand\u00e9mie.<\/p>\n","protected":false},"excerpt":{"rendered":"<p>D\u0148a 09.07.2020 N\u00e1rodn\u00e1 rada SR schv\u00e1lila vl\u00e1dny n\u00e1vrh z\u00e1kona prez\u00fdvan\u00fd \u201elex korona\u201c, obsahuj\u00faci bal\u00edk opatren\u00ed na zlep\u0161enie podnikate\u013esk\u00e9ho prostredia a zn\u00ed\u017eenie administrat\u00edvneho za\u0165a\u017eenia podnikate\u013eov v&nbsp;SR. Do\u0161lo k&nbsp;zru\u0161eniu alebo obmedzeniu viacer\u00fdch povinnost\u00ed podnikate\u013eov. Medzi opatreniami je napr.: zv\u00fd\u0161enie krit\u00e9ri\u00ed (hodnota majetku, v\u00fd\u0161ka obratu, po\u010det zamestnancov), po splnen\u00ed ktor\u00fdch m\u00e1 podnikate\u013e povinnos\u0165 overi\u0165 \u00fa\u010dtovn\u00fa z\u00e1vierku aud\u00edtorom, obmedzenie&#8230;<\/p>\n","protected":false},"author":4,"featured_media":0,"comment_status":"open","ping_status":"open","sticky":false,"template":"","format":"standard","meta":{"_acf_changed":false,"footnotes":""},"categories":[2],"tags":[],"class_list":["post-1492","post","type-post","status-publish","format-standard","hentry","category-novinky"],"acf":[],"_links":{"self":[{"href":"https:\/\/www.marek.sk\/sk\/wp-json\/wp\/v2\/posts\/1492","targetHints":{"allow":["GET"]}}],"collection":[{"href":"https:\/\/www.marek.sk\/sk\/wp-json\/wp\/v2\/posts"}],"about":[{"href":"https:\/\/www.marek.sk\/sk\/wp-json\/wp\/v2\/types\/post"}],"author":[{"embeddable":true,"href":"https:\/\/www.marek.sk\/sk\/wp-json\/wp\/v2\/users\/4"}],"replies":[{"embeddable":true,"href":"https:\/\/www.marek.sk\/sk\/wp-json\/wp\/v2\/comments?post=1492"}],"version-history":[{"count":1,"href":"https:\/\/www.marek.sk\/sk\/wp-json\/wp\/v2\/posts\/1492\/revisions"}],"predecessor-version":[{"id":1493,"href":"https:\/\/www.marek.sk\/sk\/wp-json\/wp\/v2\/posts\/1492\/revisions\/1493"}],"wp:attachment":[{"href":"https:\/\/www.marek.sk\/sk\/wp-json\/wp\/v2\/media?parent=1492"}],"wp:term":[{"taxonomy":"category","embeddable":true,"href":"https:\/\/www.marek.sk\/sk\/wp-json\/wp\/v2\/categories?post=1492"},{"taxonomy":"post_tag","embeddable":true,"href":"https:\/\/www.marek.sk\/sk\/wp-json\/wp\/v2\/tags?post=1492"}],"curies":[{"name":"wp","href":"https:\/\/api.w.org\/{rel}","templated":true}]}}