{"id":1386,"date":"2019-06-14T12:13:46","date_gmt":"2019-06-14T12:13:46","guid":{"rendered":"http:\/\/www.marek.sk\/?p=1386"},"modified":"2019-06-14T12:14:26","modified_gmt":"2019-06-14T12:14:26","slug":"jun-2019-zvysenie-zakladnej-nahrady-za-pouzivanie-vlastnych-motorovych-vozidiel-zamestnancami-pri-pracovnych-cestach","status":"publish","type":"post","link":"https:\/\/www.marek.sk\/sk\/jun-2019-zvysenie-zakladnej-nahrady-za-pouzivanie-vlastnych-motorovych-vozidiel-zamestnancami-pri-pracovnych-cestach\/","title":{"rendered":"J\u00fan 2019 | Zv\u00fd\u0161enie z\u00e1kladnej n\u00e1hrady za pou\u017e\u00edvanie vlastn\u00fdch motorov\u00fdch vozidiel zamestnancami pri pracovn\u00fdch cest\u00e1ch"},"content":{"rendered":"\n<p>D\u0148a 1. j\u00fana 2019 nadobudlo \u00fa\u010dinnos\u0165 Opatrenie Ministerstva\npr\u00e1ce, soci\u00e1lnych vec\u00ed a rodiny Slovenskej republiky \u010d. 143\/2019 Z.z., ktor\u00fdm\nministerstvo po vy\u0161e 10 rokoch mierne upravilo sumu z\u00e1kladnej n\u00e1hrady za ka\u017ed\u00fd\n1 km jazdy pri pou\u017e\u00edvan\u00ed vlastn\u00fdch motorov\u00fdch vozidiel zamestnancami pri\npracovn\u00fdch cest\u00e1ch.<\/p>\n\n\n\n<p>Pri jednostopov\u00fdch vozidl\u00e1ch a trojkolk\u00e1ch do\u0161lo k\nzv\u00fd\u0161eniu n\u00e1hrady z p\u00f4vodn\u00fdch 0,050 eura na 0,053 eura a pri osobn\u00fdch cestn\u00fdch\nmotorov\u00fdch vozidl\u00e1ch z 0,183 eura na 0,193 eura za ka\u017ed\u00fd 1 km jazdy. Pri\npou\u017eit\u00ed pr\u00edvesu k osobn\u00e9mu cestn\u00e9mu motorov\u00e9mu vozidlu sa z\u00e1kladn\u00e1 n\u00e1hrada zvy\u0161uje\no 15%.<\/p>\n\n\n\n<p>Okrem z\u00e1kladnej n\u00e1hrady za ka\u017ed\u00fd 1 km jazdy maj\u00fa\nzamestnanci n\u00e1rok aj na n\u00e1hradu za spotrebovan\u00e9 pohonn\u00e9 l\u00e1tky, ktor\u00e1 sa\nvypo\u010d\u00edta pod\u013ea ustanoven\u00ed z\u00e1kona 283\/2002 Z.z. o cestovn\u00fdch n\u00e1hrad\u00e1ch, v znen\u00ed\nneskor\u0161\u00edch predpisov.<\/p>\n","protected":false},"excerpt":{"rendered":"<p>D\u0148a 1. j\u00fana 2019 nadobudlo \u00fa\u010dinnos\u0165 Opatrenie Ministerstva pr\u00e1ce, soci\u00e1lnych vec\u00ed a rodiny Slovenskej republiky \u010d. 143\/2019 Z.z., ktor\u00fdm ministerstvo po vy\u0161e 10 rokoch mierne upravilo sumu z\u00e1kladnej n\u00e1hrady za ka\u017ed\u00fd 1 km jazdy pri pou\u017e\u00edvan\u00ed vlastn\u00fdch motorov\u00fdch vozidiel zamestnancami pri pracovn\u00fdch cest\u00e1ch. Pri jednostopov\u00fdch vozidl\u00e1ch a trojkolk\u00e1ch do\u0161lo k zv\u00fd\u0161eniu n\u00e1hrady z p\u00f4vodn\u00fdch 0,050&#8230;<\/p>\n","protected":false},"author":4,"featured_media":0,"comment_status":"open","ping_status":"open","sticky":false,"template":"","format":"standard","meta":{"_acf_changed":false,"footnotes":""},"categories":[2],"tags":[],"class_list":["post-1386","post","type-post","status-publish","format-standard","hentry","category-novinky"],"acf":[],"_links":{"self":[{"href":"https:\/\/www.marek.sk\/sk\/wp-json\/wp\/v2\/posts\/1386","targetHints":{"allow":["GET"]}}],"collection":[{"href":"https:\/\/www.marek.sk\/sk\/wp-json\/wp\/v2\/posts"}],"about":[{"href":"https:\/\/www.marek.sk\/sk\/wp-json\/wp\/v2\/types\/post"}],"author":[{"embeddable":true,"href":"https:\/\/www.marek.sk\/sk\/wp-json\/wp\/v2\/users\/4"}],"replies":[{"embeddable":true,"href":"https:\/\/www.marek.sk\/sk\/wp-json\/wp\/v2\/comments?post=1386"}],"version-history":[{"count":1,"href":"https:\/\/www.marek.sk\/sk\/wp-json\/wp\/v2\/posts\/1386\/revisions"}],"predecessor-version":[{"id":1387,"href":"https:\/\/www.marek.sk\/sk\/wp-json\/wp\/v2\/posts\/1386\/revisions\/1387"}],"wp:attachment":[{"href":"https:\/\/www.marek.sk\/sk\/wp-json\/wp\/v2\/media?parent=1386"}],"wp:term":[{"taxonomy":"category","embeddable":true,"href":"https:\/\/www.marek.sk\/sk\/wp-json\/wp\/v2\/categories?post=1386"},{"taxonomy":"post_tag","embeddable":true,"href":"https:\/\/www.marek.sk\/sk\/wp-json\/wp\/v2\/tags?post=1386"}],"curies":[{"name":"wp","href":"https:\/\/api.w.org\/{rel}","templated":true}]}}